{"id":735,"date":"2023-10-20T13:19:07","date_gmt":"2023-10-20T12:19:07","guid":{"rendered":"https:\/\/ghyslain-clement.fr\/?p=735"},"modified":"2023-10-30T18:32:59","modified_gmt":"2023-10-30T17:32:59","slug":"un-peu-de-geometrie-partie-3","status":"publish","type":"post","link":"https:\/\/ghyslain-clement.fr\/?p=735","title":{"rendered":"Un peu de g\u00e9om\u00e9trie \u2013 partie 3"},"content":{"rendered":"<p>Hier j&rsquo;ai parl\u00e9 des origines de la g\u00e9om\u00e9trie. Aujourd&rsquo;hui, j&rsquo;y reviens dans l&rsquo;art de la zellige.<\/p>\n<p>Nous allons dans cette partie commencer \u00e0 calculer les angles. Savez-vous d&rsquo;o\u00f9 viennent les degr\u00e9s que l&rsquo;on utilise pour la mesure d&rsquo;un angle ?\u00a0Encore une fois des babyloniens.<\/p>\n<p><!--more--><\/p>\n<p>Ceci est la suite de l\u2019article\u00a0<a title=\"Un peu de g\u00e9om\u00e9trie \u2013 partie 2\" href=\"https:\/\/ghyslain-clement.fr\/?p=714\">Un peu de g\u00e9om\u00e9trie \u2013 partie\u00a02<\/a><\/p>\n<p><span style=\"font-size: 1rem;\">360 est un multiple de 60 qui \u00e9tait leur nombre f\u00e9tiche si on peut dire. Il suffit de regarder les diviseurs de 60 pour s&rsquo;apercevoir de l&rsquo;int\u00e9r\u00eat de ce nombre : 1, 2, 3, 4, 5, 6, 10, 12, 15, 20, 30 et 60. Ce nombre est rest\u00e9 tel quel ou modifi\u00e9 pour plus de pr\u00e9cision dans pas mal de domaines li\u00e9s au temps et \u00e0 l&rsquo;espace. \u00e0 l&rsquo;espace d&rsquo;abord car on s\u00e9parait alors une ann\u00e9e en 360 jours, c&rsquo;est-\u00e0-dire approximativement d&rsquo;une position du ciel \u00e0 la m\u00eame position un an apr\u00e8s. On a donc ici l&rsquo;origine de la longueur d&rsquo;une ann\u00e9e \u2014 et je ne vois pas comment on pourrait faire autrement puisque cela correspond bien au nombre de journ\u00e9es r\u00e9elles d&rsquo;une ann\u00e9e (oui bon on passe sur les 5-6 jours qui manquent \u00e0 l&rsquo;appel). Puis le temps, le jour divis\u00e9 de m\u00eame fa\u00e7on en 6 parties, trois de jours et trois de nuit. \u2014 avec malgr\u00e9 tout un gros probl\u00e8me puisque ces p\u00e9riodes \u00e9tant bas\u00e9es sur le lever et le coucher du soleil n&rsquo;avait pas la m\u00eame dur\u00e9e en \u00e9t\u00e9 et en hiver. De 6 p\u00e9riodes par jour, on est pass\u00e9 \u00e0 12 puis \u00e0 24 <\/span><span style=\"font-size: 1rem;\">par soucis de pr\u00e9cision <\/span><span style=\"font-size: 1rem;\">sans\u00a0<\/span><span style=\"font-size: 1rem;\">plus se soucier du moment de la journ\u00e9e et de l&rsquo;ann\u00e9e pour leur donner un temps identique . Ces valeurs sont rest\u00e9es dans l&rsquo;usage jusqu&rsquo;\u00e0 nos jours et ont \u00e9t\u00e9 adopt\u00e9es par l&rsquo;ensemble des civilisations occidentales et orientales relativement t\u00f4t. Les 24 s\u00e9parations qu&rsquo;on appelle maintenant heures sont s\u00e9par\u00e9es elles-m\u00eame en 60 minutes qui sont s\u00e9par\u00e9es en 60 secondes. et on a donc l&rsquo;origine de nos unit\u00e9s de temps. Comme ces notions sont imbriqu\u00e9es d\u00e8s le d\u00e9part avec les notions d&rsquo;espace (l\u00e0 encore ce mot d&rsquo;espace est \u00e0 double usage entre l&rsquo;espace en tant que ce qui se trouve dans le ciel et l&rsquo;espace en tant que volume ou surface quelconque.<\/span><\/p>\n<p>Voici une petite astuce concernant le nombre 6 :\u00a06 est \u00e0 la fois le produit de ces diviseurs que la somme de ceux-ci.<\/p>\n<ul>\n<li><span style=\"font-style: normal; font-variant-caps: normal;\">1 * 2 * 3 = 6<\/span><\/li>\n<li><span style=\"font-style: normal; font-variant-caps: normal;\">1 + 2 + 3 = 6<\/span><\/li>\n<\/ul>\n<p>On a donc maintenant notre ann\u00e9e approximative dont les jours sont devenus les degr\u00e9s de nos rapporteurs et il est int\u00e9ressant de noter que les parties de degr\u00e9s sont des minutes et les parties de minutes sont les secondes de la m\u00eame fa\u00e7on que pour le calcul du temps.<\/p>\n<p>Cette fa\u00e7on de calculer les angles et le temps d&rsquo;une journ\u00e9e est parvenue jusqu&rsquo;\u00e0 nous en traversant plus de cinq mill\u00e9naires. Par contre pour les jours de l&rsquo;ann\u00e9e, il y a eu deux modifications majeures dans la m\u00e9thode de calcul qui ont \u00e9loign\u00e9 cette notion des valeurs d&rsquo;origine de 6, 60 et 360 (voir l&rsquo;article\u00a0<a title=\"histoire de calendrier\" href=\"https:\/\/ghyslain-clement.fr\/?p=365\">histoire de calendrier<\/a>\u00a0dont je viens de m&rsquo;apercevoir, quatre ans apr\u00e8s sa mise en ligne, que son num\u00e9ro de page dans le blog est 365 !!!).<\/p>\n<p>Pour compl\u00e9ter cette information sur les unit\u00e9s de temps et d&rsquo;espace, je parlerai succinctement de la semaine. La dur\u00e9e de la semaine a \u00e9t\u00e9 calqu\u00e9e sur la dur\u00e9e de la rotation de la lune autour de la terre. La lune fait le tour de la terre entre 27 et 28 jours. Si on a l&rsquo;impression que la lune est plus rapide, ce n&rsquo;est que parce que la terre tourne sur elle-m\u00eame en 24 heures et que par contre la lune ne suit pas cette rotation mais lambine. C&rsquo;est aussi ce qui fait qu&rsquo;on voit la lune de tout endroit sur terre. Si la lune suivait le mouvement rotatif de la terre alors il n&rsquo;y aurait que l&rsquo;endroit qu&rsquo;elle survole qui en profiterait. Cette dur\u00e9e de rotation a permis aux babyloniens la cr\u00e9ation des semaines en relation avec les phases de celle-ci. Chaque phase correspondant \u00e0 7 jours environ a donn\u00e9 corps \u00e0 notre semaine. Cela a \u00e9t\u00e9 repris par les grecs et chez les romains, chaque jour est d\u00e9di\u00e9 \u00e0 ce qu&rsquo;on pensait \u00eatre des plan\u00e8tes \u00e0 l&rsquo;\u00e9poque, soit : la Lune, Mars, Mercure, Jupiter, Venus, Saturne et le Soleil ce qui est encore d&rsquo;actualit\u00e9 de nos jours.<\/p>\n<p>En dernier, les mois sont une sous partie de l&rsquo;ann\u00e9e et le nombre de jours est l\u00e0 aussi \u00e0 la base un diviseur de 60. Si maintenant ils sont plus ou moins longs ou courts, on le doit aux romains, \u00e0 la r\u00e9forme du calendrier julien et \u00e0 la susceptibilit\u00e9 de leurs empereurs. Apr\u00e8s la r\u00e9volution fran\u00e7aise on a essay\u00e9 de faire un calendrier plus \u00e9galitaire avec des mois de 30 jours, des semaines en d\u00e9cades mais l&rsquo;\u00e9preuve a \u00e9t\u00e9 de courte dur\u00e9e; un jour de repos pour dix jours plut\u00f4t que un sur sept n&rsquo;a pas d\u00fb faire l&rsquo;unanimit\u00e9. Il serait int\u00e9ressant malgr\u00e9 tout de refaire actuellement un calendrier bas\u00e9 sur les particularit\u00e9s des saisons afin de consommer local et de saison plut\u00f4t que d&rsquo;avoir affaire \u00e0 des saints dont plus personne ne conna\u00eet les faits d&rsquo;armes (j&rsquo;aime bien cette expression contradictoire, en opposition avec leur statut de saint) mais chacun aime qu&rsquo;on lui souhaite sa f\u00eate et qu&rsquo;on flatte son ego.<\/p>\n<p>Bon je reviens \u00e0 la M\u00e9sopotamie. Les mois m\u00e9sopotamiens \u00e9taient bas\u00e9s aussi sur les cycles de la lune mais si la semaine est bas\u00e9e sur le cycle sid\u00e9ral de la lune (position de la lune dans le ciel \u00e9toil\u00e9), le mois \u00e9tait lui bas\u00e9 sur le cycle synodique, c&rsquo;est-\u00e0-dire sur le retour \u00e0 la m\u00eame position par rapport au soleil. De 27,322 jours on passe \u00e0 environ 29,5 jours (on arrondit \u00e0 30 bien s\u00fbr). Les m\u00e9sopotamiens \u00a0ont bien s\u00fbr eu beaucoup de probl\u00e8mes \u00e0 g\u00e9rer un calendrier fait sur des valeurs diff\u00e9rentes et ce probl\u00e8me a dur\u00e9 3 000 ans (voir en r\u00e9f\u00e9rence l&rsquo;article Wikipedia sur le calendrier m\u00e9sopotamien).<\/p>\n<p style=\"text-align: center;\">___________________________<\/p>\n<p>Maintenant qu&rsquo;on conna\u00eet l&rsquo;origine des degr\u00e9s, on peut commencer \u00e0 les utiliser pour nos exemples.<\/p>\n<p><a href=\"https:\/\/ghyslain-clement.fr\/wordpress_fold\/wp-content\/uploads\/2023\/10\/dessin-zellige-3-1.gif\" rel=\"lightbox[735]\"><img loading=\"lazy\" decoding=\"async\" class=\"alignnone size-large wp-image-738\" alt=\"dessin-zellige-3-1\" src=\"https:\/\/ghyslain-clement.fr\/wordpress_fold\/wp-content\/uploads\/2023\/10\/dessin-zellige-3-1-1024x940.gif\" width=\"625\" height=\"573\" srcset=\"https:\/\/ghyslain-clement.fr\/wordpress_fold\/wp-content\/uploads\/2023\/10\/dessin-zellige-3-1-1024x940.gif 1024w, https:\/\/ghyslain-clement.fr\/wordpress_fold\/wp-content\/uploads\/2023\/10\/dessin-zellige-3-1-300x275.gif 300w, https:\/\/ghyslain-clement.fr\/wordpress_fold\/wp-content\/uploads\/2023\/10\/dessin-zellige-3-1-624x573.gif 624w\" sizes=\"auto, (max-width: 625px) 100vw, 625px\" \/><\/a><\/p>\n<p>Dans le graphique ci-dessus j&rsquo;ai repris nos deux triangles t\u00eate-b\u00eache et j&rsquo;ai dessin\u00e9 quelques lignes partant de quelques-uns de leurs points caract\u00e9ristiques. Ces lignes \u00e9tant espac\u00e9es en utilisant \u00e0 chaque fois une rotation de 15 degr\u00e9s. On s&rsquo;aper\u00e7oit que si pour les lignes passant par le centre de la forme, les lignes tous les trente degr\u00e9s (0\u00b0, 30\u00b0, 60\u00b0, 90\u00b0, &#8230;) passent bien au minimum par un point caract\u00e9ristique. Ce n&rsquo;est pas le cas pour les angles interm\u00e9diaires. Si on \u00e9tend cela \u00e0 l&rsquo;ensemble des lignes dessin\u00e9es, on a la m\u00eame chose pour les autres points dessin\u00e9es. On en d\u00e9duit que les lignes en d\u00e9calage (15\u00b0, 45\u00b0, 75\u00b0, &#8230;) ne sont pas significatives pour notre exemple.<\/p>\n<p>Ci-dessous j&rsquo;ai utilis\u00e9 une autre m\u00e9thode pour afficher les points importants. J&rsquo;ai trac\u00e9 les lignes verticales et horizontales passant pas les points caract\u00e9ristiques. J&rsquo;ai fait la m\u00eame chose pour les angles de 60\u00b0 et -60\u00b0. Cela nous donne un r\u00e9seau de lignes et de points sur et en dehors de nos triangles et on s&rsquo;aper\u00e7oit bien \u00e0 la fois de la trame en triangle&#8230;<\/p>\n<p><a href=\"https:\/\/ghyslain-clement.fr\/wordpress_fold\/wp-content\/uploads\/2023\/10\/dessin-zellige-3-3-2.png\" rel=\"lightbox[735]\"><img loading=\"lazy\" decoding=\"async\" class=\"alignnone size-medium wp-image-740\" alt=\"dessin-zellige-3-3-2\" src=\"https:\/\/ghyslain-clement.fr\/wordpress_fold\/wp-content\/uploads\/2023\/10\/dessin-zellige-3-3-2-300x272.png\" width=\"300\" height=\"272\" srcset=\"https:\/\/ghyslain-clement.fr\/wordpress_fold\/wp-content\/uploads\/2023\/10\/dessin-zellige-3-3-2-300x272.png 300w, https:\/\/ghyslain-clement.fr\/wordpress_fold\/wp-content\/uploads\/2023\/10\/dessin-zellige-3-3-2-1024x931.png 1024w, https:\/\/ghyslain-clement.fr\/wordpress_fold\/wp-content\/uploads\/2023\/10\/dessin-zellige-3-3-2-624x567.png 624w, https:\/\/ghyslain-clement.fr\/wordpress_fold\/wp-content\/uploads\/2023\/10\/dessin-zellige-3-3-2.png 1286w\" sizes=\"auto, (max-width: 300px) 100vw, 300px\" \/><\/a> <a href=\"https:\/\/ghyslain-clement.fr\/wordpress_fold\/wp-content\/uploads\/2023\/10\/dessin-zellige-3-3-1.png\" rel=\"lightbox[735]\"><img loading=\"lazy\" decoding=\"async\" class=\"alignnone size-medium wp-image-739\" alt=\"dessin-zellige-3-3-1\" src=\"https:\/\/ghyslain-clement.fr\/wordpress_fold\/wp-content\/uploads\/2023\/10\/dessin-zellige-3-3-1-300x272.png\" width=\"300\" height=\"272\" srcset=\"https:\/\/ghyslain-clement.fr\/wordpress_fold\/wp-content\/uploads\/2023\/10\/dessin-zellige-3-3-1-300x272.png 300w, https:\/\/ghyslain-clement.fr\/wordpress_fold\/wp-content\/uploads\/2023\/10\/dessin-zellige-3-3-1-1024x931.png 1024w, https:\/\/ghyslain-clement.fr\/wordpress_fold\/wp-content\/uploads\/2023\/10\/dessin-zellige-3-3-1-624x567.png 624w, https:\/\/ghyslain-clement.fr\/wordpress_fold\/wp-content\/uploads\/2023\/10\/dessin-zellige-3-3-1.png 1286w\" sizes=\"auto, (max-width: 300px) 100vw, 300px\" \/><\/a><\/p>\n<p>&#8230; et des points compl\u00e9mentaires pouvant \u00eatre utiles \u00e0 l&rsquo;\u00e9laboration d&rsquo;un motif. L&rsquo;utilisation de la m\u00e9thode traditionnelle au compas vient, elle, confirmer les positions et nous donner d&rsquo;autres informations qui seront utiles \u00e0 la construction future d&rsquo;un motif.<\/p>\n<p><a href=\"https:\/\/ghyslain-clement.fr\/wordpress_fold\/wp-content\/uploads\/2023\/10\/dessin-zellige-3-3-3.png\" rel=\"lightbox[735]\"><img loading=\"lazy\" decoding=\"async\" class=\"alignnone size-medium wp-image-741\" alt=\"dessin-zellige-3-3-3\" src=\"https:\/\/ghyslain-clement.fr\/wordpress_fold\/wp-content\/uploads\/2023\/10\/dessin-zellige-3-3-3-300x272.png\" width=\"300\" height=\"272\" srcset=\"https:\/\/ghyslain-clement.fr\/wordpress_fold\/wp-content\/uploads\/2023\/10\/dessin-zellige-3-3-3-300x272.png 300w, https:\/\/ghyslain-clement.fr\/wordpress_fold\/wp-content\/uploads\/2023\/10\/dessin-zellige-3-3-3-1024x931.png 1024w, https:\/\/ghyslain-clement.fr\/wordpress_fold\/wp-content\/uploads\/2023\/10\/dessin-zellige-3-3-3-624x567.png 624w, https:\/\/ghyslain-clement.fr\/wordpress_fold\/wp-content\/uploads\/2023\/10\/dessin-zellige-3-3-3.png 1286w\" sizes=\"auto, (max-width: 300px) 100vw, 300px\" \/><\/a> <a href=\"https:\/\/ghyslain-clement.fr\/wordpress_fold\/wp-content\/uploads\/2023\/10\/dessin-zellige-3-3-4.png\" rel=\"lightbox[735]\"><img loading=\"lazy\" decoding=\"async\" class=\"alignnone size-medium wp-image-742\" alt=\"dessin-zellige-3-3-4\" src=\"https:\/\/ghyslain-clement.fr\/wordpress_fold\/wp-content\/uploads\/2023\/10\/dessin-zellige-3-3-4-300x272.png\" width=\"300\" height=\"272\" srcset=\"https:\/\/ghyslain-clement.fr\/wordpress_fold\/wp-content\/uploads\/2023\/10\/dessin-zellige-3-3-4-300x272.png 300w, https:\/\/ghyslain-clement.fr\/wordpress_fold\/wp-content\/uploads\/2023\/10\/dessin-zellige-3-3-4-1024x931.png 1024w, https:\/\/ghyslain-clement.fr\/wordpress_fold\/wp-content\/uploads\/2023\/10\/dessin-zellige-3-3-4-624x567.png 624w, https:\/\/ghyslain-clement.fr\/wordpress_fold\/wp-content\/uploads\/2023\/10\/dessin-zellige-3-3-4.png 1286w\" sizes=\"auto, (max-width: 300px) 100vw, 300px\" \/><\/a><\/p>\n<p>Le dernier dessin de l&rsquo;article pr\u00e9c\u00e9dent affichait la construction d&rsquo;un carr\u00e9; je vais le reprendre ici comme deuxi\u00e8me exemple \u00e0 une construction g\u00e9om\u00e9trique.<\/p>\n<p>Nous allons faire comme avec le triangle et mettre sur sa pointe un deuxi\u00e8me carr\u00e9. Nous dessinons les traits directeur mais ici il y en a beaucoup moins que pour le triangle, ce qui est \u00e9tonnant car on a plus de points d\u00e9terminants comme appui de notre dessin. On passe de 18 points (12 sommets d&rsquo;angles et 8 point centre des segments) \u00e0 24 points (16 sommets et 8 centres).<\/p>\n<p><a href=\"https:\/\/ghyslain-clement.fr\/wordpress_fold\/wp-content\/uploads\/2023\/10\/dessin-zellige-3-3-5.png\" rel=\"lightbox[735]\"><img loading=\"lazy\" decoding=\"async\" class=\"alignnone size-medium wp-image-745\" alt=\"dessin-zellige-3-3-5\" src=\"https:\/\/ghyslain-clement.fr\/wordpress_fold\/wp-content\/uploads\/2023\/10\/dessin-zellige-3-3-5-300x282.png\" width=\"300\" height=\"282\" srcset=\"https:\/\/ghyslain-clement.fr\/wordpress_fold\/wp-content\/uploads\/2023\/10\/dessin-zellige-3-3-5-300x282.png 300w, https:\/\/ghyslain-clement.fr\/wordpress_fold\/wp-content\/uploads\/2023\/10\/dessin-zellige-3-3-5-1024x963.png 1024w, https:\/\/ghyslain-clement.fr\/wordpress_fold\/wp-content\/uploads\/2023\/10\/dessin-zellige-3-3-5-624x587.png 624w, https:\/\/ghyslain-clement.fr\/wordpress_fold\/wp-content\/uploads\/2023\/10\/dessin-zellige-3-3-5.png 1286w\" sizes=\"auto, (max-width: 300px) 100vw, 300px\" \/>\u00a0<\/a><a href=\"https:\/\/ghyslain-clement.fr\/wordpress_fold\/wp-content\/uploads\/2023\/10\/dessin-zellige-3-3-6.png\" rel=\"lightbox[735]\"><img loading=\"lazy\" decoding=\"async\" class=\"alignnone size-medium wp-image-747\" alt=\"dessin-zellige-3-3-6\" src=\"https:\/\/ghyslain-clement.fr\/wordpress_fold\/wp-content\/uploads\/2023\/10\/dessin-zellige-3-3-6-300x282.png\" width=\"300\" height=\"282\" srcset=\"https:\/\/ghyslain-clement.fr\/wordpress_fold\/wp-content\/uploads\/2023\/10\/dessin-zellige-3-3-6-300x282.png 300w, https:\/\/ghyslain-clement.fr\/wordpress_fold\/wp-content\/uploads\/2023\/10\/dessin-zellige-3-3-6-1024x963.png 1024w, https:\/\/ghyslain-clement.fr\/wordpress_fold\/wp-content\/uploads\/2023\/10\/dessin-zellige-3-3-6-624x587.png 624w, https:\/\/ghyslain-clement.fr\/wordpress_fold\/wp-content\/uploads\/2023\/10\/dessin-zellige-3-3-6.png 1286w\" sizes=\"auto, (max-width: 300px) 100vw, 300px\" \/><\/a><\/p>\n<p>Par contre, en utilisant la m\u00e9thode du compas, j&rsquo;obtiens vite un nombre de cercles impressionnants mais si je limite ceux-ci, je peux obtenir divers dessins int\u00e9ressants.<\/p>\n<p><a style=\"font-size: 1rem;\" href=\"https:\/\/ghyslain-clement.fr\/wordpress_fold\/wp-content\/uploads\/2023\/10\/dessin-zellige-3-3-7.png\" rel=\"lightbox[735]\"><img loading=\"lazy\" decoding=\"async\" class=\"alignnone size-medium wp-image-749\" alt=\"dessin-zellige-3-3-7\" src=\"https:\/\/ghyslain-clement.fr\/wordpress_fold\/wp-content\/uploads\/2023\/10\/dessin-zellige-3-3-7-300x293.png\" width=\"300\" height=\"293\" srcset=\"https:\/\/ghyslain-clement.fr\/wordpress_fold\/wp-content\/uploads\/2023\/10\/dessin-zellige-3-3-7-300x293.png 300w, https:\/\/ghyslain-clement.fr\/wordpress_fold\/wp-content\/uploads\/2023\/10\/dessin-zellige-3-3-7-1024x1003.png 1024w, https:\/\/ghyslain-clement.fr\/wordpress_fold\/wp-content\/uploads\/2023\/10\/dessin-zellige-3-3-7-624x611.png 624w, https:\/\/ghyslain-clement.fr\/wordpress_fold\/wp-content\/uploads\/2023\/10\/dessin-zellige-3-3-7.png 1286w\" sizes=\"auto, (max-width: 300px) 100vw, 300px\" \/><\/a><span style=\"font-size: 1rem;\">\u00a0<\/span><img loading=\"lazy\" decoding=\"async\" class=\"alignnone size-medium wp-image-748\" style=\"font-size: 1rem;\" alt=\"dessin-zellige-3-3-8\" src=\"https:\/\/ghyslain-clement.fr\/wordpress_fold\/wp-content\/uploads\/2023\/10\/dessin-zellige-3-3-8-300x293.png\" width=\"300\" height=\"293\" srcset=\"https:\/\/ghyslain-clement.fr\/wordpress_fold\/wp-content\/uploads\/2023\/10\/dessin-zellige-3-3-8-300x293.png 300w, https:\/\/ghyslain-clement.fr\/wordpress_fold\/wp-content\/uploads\/2023\/10\/dessin-zellige-3-3-8-1024x1003.png 1024w, https:\/\/ghyslain-clement.fr\/wordpress_fold\/wp-content\/uploads\/2023\/10\/dessin-zellige-3-3-8-624x611.png 624w, https:\/\/ghyslain-clement.fr\/wordpress_fold\/wp-content\/uploads\/2023\/10\/dessin-zellige-3-3-8.png 1286w\" sizes=\"auto, (max-width: 300px) 100vw, 300px\" \/><\/p>\n<p>Dans ce cas la technique de mes lignes directrices permet de mettre en avant les points de croisement de ces lignes et certainement sera-ce int\u00e9ressant lors de la cr\u00e9ation du motif.<\/p>\n<p><a href=\"https:\/\/ghyslain-clement.fr\/wordpress_fold\/wp-content\/uploads\/2023\/10\/dessin-zellige-3-3-9.png\" rel=\"lightbox[735]\"><img loading=\"lazy\" decoding=\"async\" class=\"alignnone size-large wp-image-750\" alt=\"dessin-zellige-3-3-9\" src=\"https:\/\/ghyslain-clement.fr\/wordpress_fold\/wp-content\/uploads\/2023\/10\/dessin-zellige-3-3-9-1021x1024.png\" width=\"625\" height=\"626\" srcset=\"https:\/\/ghyslain-clement.fr\/wordpress_fold\/wp-content\/uploads\/2023\/10\/dessin-zellige-3-3-9-1021x1024.png 1021w, https:\/\/ghyslain-clement.fr\/wordpress_fold\/wp-content\/uploads\/2023\/10\/dessin-zellige-3-3-9-150x150.png 150w, https:\/\/ghyslain-clement.fr\/wordpress_fold\/wp-content\/uploads\/2023\/10\/dessin-zellige-3-3-9-300x300.png 300w, https:\/\/ghyslain-clement.fr\/wordpress_fold\/wp-content\/uploads\/2023\/10\/dessin-zellige-3-3-9-624x625.png 624w, https:\/\/ghyslain-clement.fr\/wordpress_fold\/wp-content\/uploads\/2023\/10\/dessin-zellige-3-3-9.png 1286w\" sizes=\"auto, (max-width: 625px) 100vw, 625px\" \/><\/a><\/p>\n<p>Nous avons aussi \u00e0 chaque croisement et cela est inestimable plusieurs angles utilisables dans le placement de nos zelliges. Ici les angles de base sont 0\u00b0, 22,5\u00b0, 45\u00b0, 67,5\u00b0, 90\u00b0, 112.5\u00b0, etc, par pas de 22,5\u00b0.<\/p>\n<p style=\"text-align: center;\">___________________________<\/p>\n<p style=\"text-align: left;\">Ci dessous un aspect int\u00e9ressant du travail qu&rsquo;on vient de faire. J&rsquo;ai reproduit les deux formes pr\u00e9c\u00e9dentes et j&rsquo;ai simplifi\u00e9 le nombre de rep\u00e8res autour de ces formes. On peut voir qu&rsquo;un polygone est inscrit dans\u00a0les deux formes\u00a0d&rsquo;origine; ce polygone\u00a0ayant un nombre de cot\u00e9s \u00e9gal au double de cot\u00e9s de cette forme. Pour un triangle on aura donc un polygone \u00e0 6 cot\u00e9s, un hexagone et pour le carr\u00e9 on aura un polygone \u00e0 8 cot\u00e9s, un octogone. On peut g\u00e9n\u00e9raliser, je pense, cette trouvaille pour toutes les \u00e9toiles faites de deux polygones comme le triangle et le carr\u00e9 ici. Sur les rep\u00e8res ext\u00e9rieurs on peut voir aussi la pr\u00e9sence de ce polygone, lui-m\u00eame inscrit dans notre \u00e9toile agrandie, et cela se reproduit encore. Effet qui bien s\u00fbr a \u00e9t\u00e9 utilis\u00e9 par les artistes d&rsquo;Al-andalus dans leurs cr\u00e9ations pour signifier l&rsquo;infini.<\/p>\n<p style=\"text-align: left;\"><img loading=\"lazy\" decoding=\"async\" class=\"alignnone size-medium wp-image-761\" style=\"font-size: 1rem;\" alt=\"dessin-zellige-3-3-11\" src=\"https:\/\/ghyslain-clement.fr\/wordpress_fold\/wp-content\/uploads\/2023\/10\/dessin-zellige-3-3-11-300x272.png\" width=\"300\" height=\"272\" srcset=\"https:\/\/ghyslain-clement.fr\/wordpress_fold\/wp-content\/uploads\/2023\/10\/dessin-zellige-3-3-11-300x272.png 300w, https:\/\/ghyslain-clement.fr\/wordpress_fold\/wp-content\/uploads\/2023\/10\/dessin-zellige-3-3-11-1024x930.png 1024w, https:\/\/ghyslain-clement.fr\/wordpress_fold\/wp-content\/uploads\/2023\/10\/dessin-zellige-3-3-11-624x567.png 624w, https:\/\/ghyslain-clement.fr\/wordpress_fold\/wp-content\/uploads\/2023\/10\/dessin-zellige-3-3-11.png 1516w\" sizes=\"auto, (max-width: 300px) 100vw, 300px\" \/><a href=\"https:\/\/ghyslain-clement.fr\/wordpress_fold\/wp-content\/uploads\/2023\/10\/dessin-zellige-3-3-10.png\" rel=\"lightbox[735]\"><img loading=\"lazy\" decoding=\"async\" class=\"alignnone size-medium wp-image-760\" alt=\"dessin-zellige-3-3-10\" src=\"https:\/\/ghyslain-clement.fr\/wordpress_fold\/wp-content\/uploads\/2023\/10\/dessin-zellige-3-3-10-300x272.png\" width=\"300\" height=\"272\" srcset=\"https:\/\/ghyslain-clement.fr\/wordpress_fold\/wp-content\/uploads\/2023\/10\/dessin-zellige-3-3-10-300x272.png 300w, https:\/\/ghyslain-clement.fr\/wordpress_fold\/wp-content\/uploads\/2023\/10\/dessin-zellige-3-3-10-1024x930.png 1024w, https:\/\/ghyslain-clement.fr\/wordpress_fold\/wp-content\/uploads\/2023\/10\/dessin-zellige-3-3-10-624x567.png 624w, https:\/\/ghyslain-clement.fr\/wordpress_fold\/wp-content\/uploads\/2023\/10\/dessin-zellige-3-3-10.png 1516w\" sizes=\"auto, (max-width: 300px) 100vw, 300px\" \/><\/a><\/p>\n<p style=\"text-align: left;\">Jusqu&rsquo;\u00e0 maintenant nous avons vu le passage du trait au triangle et du trait au carr\u00e9 et par extension nous avons d\u00e9fini l&rsquo;hexagone et l&rsquo;octogone. mais il y a une forme importante pour le dessin de zelliges que nous n&rsquo;avons pas encore vu. Cette forme est plus compliqu\u00e9e \u00e0 dessiner que nos deux premi\u00e8res. La prochaine partie traitera donc int\u00e9gralement de cette forme et de sa construction au compas et math\u00e9matique. En attendant de la lire, je vous am\u00e8ne \u00e0 consulter les articles en r\u00e9f\u00e9rences ou alors LE livre de r\u00e9f\u00e9rence de la g\u00e9om\u00e9trie, ils s&rsquo;agit des \u00c9lements d&rsquo;Euclide dont je vous donne quelques liens de t\u00e9l\u00e9chargements dans les r\u00e9f\u00e9rences. Il est int\u00e9ressant d&rsquo;avoir une version comment\u00e9e servant \u00e0 la compr\u00e9hension du texte, j&rsquo;ai mis celle de Bernard Vitrac et pour\u00a0une version non comment\u00e9e celle de Fran\u00e7ois Peyrard de 1804 (petit clin d&rsquo;\u0153il car elle a \u00e9t\u00e9 \u00e9dit\u00e9e pendant la p\u00e9riode du calendrier r\u00e9publicain). Il est \u00e0 noter que ces deux personnes ont un parcours similaire avec 200 ans d&rsquo;\u00e9cart de math\u00e9maticien et de traducteur de grec ancien et par la m\u00eame l&rsquo;\u00e9tude des classiques des math\u00e9matiques.<\/p>\n<p>Suite de l\u2019article ici :\u00a0<a title=\"Un peu de g\u00e9om\u00e9trie \u2013 partie 4\" href=\"https:\/\/ghyslain-clement.fr\/?p=765\">Un peu de g\u00e9om\u00e9trie \u2013 partie\u00a04<\/a><\/p>\n<p>r\u00e9f\u00e9rences :<\/p>\n<p>Observation de la Lune depuis la Terre, orbite et phases de la Lune par\u00a0<em>Olivier\u00a0Dequincey <\/em>et<em>\u00a0<\/em><em>Delphine\u00a0Chareyron\u00a0<\/em>:\u00a0<a href=\"https:\/\/planet-terre.ens-lyon.fr\/ressource\/observation-cycle-Lune.xml\">https:\/\/planet-terre.ens-lyon.fr\/ressource\/observation-cycle-Lune.xml<\/a><\/p>\n<p>Calendrier m\u00e9sopotamien :\u00a0<a href=\"https:\/\/fr.wikipedia.org\/wiki\/Calendrier_m%C3%A9sopotamien\">https:\/\/fr.wikipedia.org\/wiki\/Calendrier_m%C3%A9sopotamien<\/a><\/p>\n<p>Calendrier r\u00e9publicain :\u00a0<a href=\"https:\/\/fr.wikipedia.org\/wiki\/Calendrier_r%C3%A9publicain\">https:\/\/fr.wikipedia.org\/wiki\/Calendrier_r%C3%A9publicain<\/a><\/p>\n<p>Bernard Vitrac :<\/p>\n<ul>\n<li><a href=\"https:\/\/www.academia.edu\/1229036\/Les_%C3%89l%C3%A9ments_Livres_I_IV_G%C3%A9om%C3%A9trie_plane\">(1) Les \u00c9l\u00e9ments: Livres I-IV, G\u00e9om\u00e9trie plane | Bernard Vitrac &#8211; Academia.edu<\/a><\/li>\n<li><a href=\"https:\/\/www.academia.edu\/1229085\/Les_%C3%89l%C3%A9ments_Livres_V_VI_Proportions_et_similitudes_Livres_VII_IX_Arithm%C3%A9tique\">(2) Les \u00c9l\u00e9ments: Livres V-VI, Proportions et similitudes, Livres VII-IX, Arithm\u00e9tique | Bernard Vitrac &#8211; Academia.edu<\/a><\/li>\n<li><a href=\"https:\/\/www.academia.edu\/1229060\/Les_%C3%89l%C3%A9ments_Livres_XI_XIII_G%C3%A9om%C3%A9trie_des_solides\">(3) Les \u00c9l\u00e9ments: Livres XI-XIII, G\u00e9om\u00e9trie des solides | Bernard Vitrac &#8211; Academia.edu<\/a><\/li>\n<\/ul>\n<p>Fran\u00e7ois Peyrard :<\/p>\n<ul>\n<li><a href=\"https:\/\/fr.wikipedia.org\/wiki\/Fran%C3%A7ois_Peyrard\">https:\/\/fr.wikipedia.org\/wiki\/Fran%C3%A7ois_Peyrard<\/a><\/li>\n<li><a href=\"https:\/\/gallica.bnf.fr\/ark:\/12148\/bpt6k110982q.r=fran%C3%A7ois%20peyrard?rk=42918;4\">https:\/\/gallica.bnf.fr\/ark:\/12148\/bpt6k110982q.r=fran%C3%A7ois%20peyrard?rk=42918;4<\/a><\/li>\n<\/ul>\n","protected":false},"excerpt":{"rendered":"<p>Hier j&rsquo;ai parl\u00e9 des origines de la g\u00e9om\u00e9trie. Aujourd&rsquo;hui, j&rsquo;y reviens dans l&rsquo;art de la zellige. Nous allons dans cette partie commencer \u00e0 calculer les angles. Savez-vous d&rsquo;o\u00f9 viennent les degr\u00e9s que l&rsquo;on utilise pour la mesure d&rsquo;un angle ?\u00a0Encore une fois des babyloniens.<\/p>\n","protected":false},"author":1,"featured_media":0,"comment_status":"closed","ping_status":"open","sticky":false,"template":"","format":"standard","meta":{"footnotes":""},"categories":[37,27],"tags":[],"class_list":["post-735","post","type-post","status-publish","format-standard","hentry","category-geometrie","category-mathematiques"],"_links":{"self":[{"href":"https:\/\/ghyslain-clement.fr\/index.php?rest_route=\/wp\/v2\/posts\/735","targetHints":{"allow":["GET"]}}],"collection":[{"href":"https:\/\/ghyslain-clement.fr\/index.php?rest_route=\/wp\/v2\/posts"}],"about":[{"href":"https:\/\/ghyslain-clement.fr\/index.php?rest_route=\/wp\/v2\/types\/post"}],"author":[{"embeddable":true,"href":"https:\/\/ghyslain-clement.fr\/index.php?rest_route=\/wp\/v2\/users\/1"}],"replies":[{"embeddable":true,"href":"https:\/\/ghyslain-clement.fr\/index.php?rest_route=%2Fwp%2Fv2%2Fcomments&post=735"}],"version-history":[{"count":18,"href":"https:\/\/ghyslain-clement.fr\/index.php?rest_route=\/wp\/v2\/posts\/735\/revisions"}],"predecessor-version":[{"id":780,"href":"https:\/\/ghyslain-clement.fr\/index.php?rest_route=\/wp\/v2\/posts\/735\/revisions\/780"}],"wp:attachment":[{"href":"https:\/\/ghyslain-clement.fr\/index.php?rest_route=%2Fwp%2Fv2%2Fmedia&parent=735"}],"wp:term":[{"taxonomy":"category","embeddable":true,"href":"https:\/\/ghyslain-clement.fr\/index.php?rest_route=%2Fwp%2Fv2%2Fcategories&post=735"},{"taxonomy":"post_tag","embeddable":true,"href":"https:\/\/ghyslain-clement.fr\/index.php?rest_route=%2Fwp%2Fv2%2Ftags&post=735"}],"curies":[{"name":"wp","href":"https:\/\/api.w.org\/{rel}","templated":true}]}}