{"id":603,"date":"2023-09-28T15:35:45","date_gmt":"2023-09-28T14:35:45","guid":{"rendered":"https:\/\/ghyslain-clement.fr\/?p=603"},"modified":"2023-10-01T11:53:52","modified_gmt":"2023-10-01T10:53:52","slug":"initiation-au-pavage-partie-3","status":"publish","type":"post","link":"https:\/\/ghyslain-clement.fr\/?p=603","title":{"rendered":"Initiation au pavage &#8211; partie 3"},"content":{"rendered":"<p>Vous vous souvenez dans le premier article de cette s\u00e9rie je vous ai parl\u00e9 de varier les carr\u00e9s pour obtenir un motif d\u00e9structur\u00e9 ou du moins plus artistique par les modifications de tailles et de formes.<\/p>\n<p>Ceci est la suite de l&rsquo;article\u00a0<a title=\"Initiation au pavage \u2013 partie 2\" href=\"https:\/\/ghyslain-clement.fr\/?p=573\">Initiation au pavage &#8211; partie\u00a02<\/a><\/p>\n<p><!--more--><\/p>\n<p><a href=\"https:\/\/ghyslain-clement.fr\/wordpress_fold\/wp-content\/uploads\/2023\/09\/Motif_zellige_108-construction-2_mod1.jpg\" rel=\"lightbox[603]\"><img loading=\"lazy\" decoding=\"async\" class=\"alignnone size-large wp-image-555\" alt=\"Motif_zellige_108-construction-2_mod\" src=\"https:\/\/ghyslain-clement.fr\/wordpress_fold\/wp-content\/uploads\/2023\/09\/Motif_zellige_108-construction-2_mod1-1024x386.jpg\" width=\"625\" height=\"235\" srcset=\"https:\/\/ghyslain-clement.fr\/wordpress_fold\/wp-content\/uploads\/2023\/09\/Motif_zellige_108-construction-2_mod1-1024x386.jpg 1024w, https:\/\/ghyslain-clement.fr\/wordpress_fold\/wp-content\/uploads\/2023\/09\/Motif_zellige_108-construction-2_mod1-300x113.jpg 300w, https:\/\/ghyslain-clement.fr\/wordpress_fold\/wp-content\/uploads\/2023\/09\/Motif_zellige_108-construction-2_mod1-624x235.jpg 624w, https:\/\/ghyslain-clement.fr\/wordpress_fold\/wp-content\/uploads\/2023\/09\/Motif_zellige_108-construction-2_mod1.jpg 1063w\" sizes=\"auto, (max-width: 625px) 100vw, 625px\" \/><\/a><\/p>\n<p>Je vais reprendre les motifs de la figure ci-dessus et d\u00e9velopper un peu cette voie.<\/p>\n<p>Pour le premier motif on cherchera quelque chose de r\u00e9p\u00e9titif alors que pour le deuxi\u00e8me motif l&rsquo;int\u00e9r\u00eat est plut\u00f4t de laisser le dessin se faire et de multiplier tailles et couleurs sans aspects r\u00e9p\u00e9titifs.<\/p>\n<p>Notre premier motif a comme base un carr\u00e9 bleu sombre autour duquel on ajoute une s\u00e9rie de carr\u00e9s plus petits bleu gris, on profite de chaque carr\u00e9 ajout\u00e9 pour lui accoler un carr\u00e9 rose parme de la m\u00eame taille que le premier carr\u00e9 pos\u00e9. On \u00e9limine le premier carr\u00e9 rose plus sombre qui n&rsquo;avait \u00e9t\u00e9 pos\u00e9 l\u00e0 que pour montrer une suite possible au motif.<\/p>\n<p>Maintenant on peut ajouter le m\u00eame motif en se basant sur les carr\u00e9s rose parme et en tournant sur l&rsquo;ext\u00e9rieur du motif. On obtient la figure ci-dessous \u00e0 gauche. On a maintenant cinq fois le motif mais surtout une absence de sym\u00e9trie et des parties creuses \u00e0 remplir. Int\u00e9ressant pour la suite de notre construction car on ne peut pas mettre dans ces creux le grand carr\u00e9 mais seulement le plus petit d\u00e9j\u00e0 positionn\u00e9. On peut maintenant jouer avec une nouvelle couleur entre le marron, notre parme et le rouge vif qui va donner du peps \u00e0 notre motif (motif de droite).<\/p>\n<p><a href=\"https:\/\/ghyslain-clement.fr\/wordpress_fold\/wp-content\/uploads\/2023\/09\/Motif_zellige_1.08d-motif_art-deco_1.jpg\" rel=\"lightbox[603]\"><img loading=\"lazy\" decoding=\"async\" class=\"alignnone size-medium wp-image-604\" alt=\"Motif_zellige_1.08d-motif_art-deco_1\" src=\"https:\/\/ghyslain-clement.fr\/wordpress_fold\/wp-content\/uploads\/2023\/09\/Motif_zellige_1.08d-motif_art-deco_1-300x299.jpg\" width=\"300\" height=\"299\" srcset=\"https:\/\/ghyslain-clement.fr\/wordpress_fold\/wp-content\/uploads\/2023\/09\/Motif_zellige_1.08d-motif_art-deco_1-300x299.jpg 300w, https:\/\/ghyslain-clement.fr\/wordpress_fold\/wp-content\/uploads\/2023\/09\/Motif_zellige_1.08d-motif_art-deco_1-150x150.jpg 150w, https:\/\/ghyslain-clement.fr\/wordpress_fold\/wp-content\/uploads\/2023\/09\/Motif_zellige_1.08d-motif_art-deco_1-624x623.jpg 624w, https:\/\/ghyslain-clement.fr\/wordpress_fold\/wp-content\/uploads\/2023\/09\/Motif_zellige_1.08d-motif_art-deco_1.jpg 751w\" sizes=\"auto, (max-width: 300px) 100vw, 300px\" \/>\u00a0\u00a0<\/a><a href=\"https:\/\/ghyslain-clement.fr\/wordpress_fold\/wp-content\/uploads\/2023\/09\/Motif_zellige_1.08d-motif_art-deco_2.jpg\" rel=\"lightbox[603]\"><img loading=\"lazy\" decoding=\"async\" class=\"alignnone size-medium wp-image-605\" alt=\"Motif_zellige_1.08d-motif_art-deco_2\" src=\"https:\/\/ghyslain-clement.fr\/wordpress_fold\/wp-content\/uploads\/2023\/09\/Motif_zellige_1.08d-motif_art-deco_2-300x300.jpg\" width=\"300\" height=\"300\" srcset=\"https:\/\/ghyslain-clement.fr\/wordpress_fold\/wp-content\/uploads\/2023\/09\/Motif_zellige_1.08d-motif_art-deco_2-300x300.jpg 300w, https:\/\/ghyslain-clement.fr\/wordpress_fold\/wp-content\/uploads\/2023\/09\/Motif_zellige_1.08d-motif_art-deco_2-150x150.jpg 150w, https:\/\/ghyslain-clement.fr\/wordpress_fold\/wp-content\/uploads\/2023\/09\/Motif_zellige_1.08d-motif_art-deco_2-624x624.jpg 624w, https:\/\/ghyslain-clement.fr\/wordpress_fold\/wp-content\/uploads\/2023\/09\/Motif_zellige_1.08d-motif_art-deco_2.jpg 750w\" sizes=\"auto, (max-width: 300px) 100vw, 300px\" \/><\/a><\/p>\n<p>On a diminu\u00e9 un peu notre creux mais il reste encore un espace cons\u00e9quent \u00e0 remplir. De plus un r\u00e9tr\u00e9cissement nous laisse une partie \u00e9troite qui va nous obliger soit \u00e0 diminuer en cons\u00e9quence la taille de notre carr\u00e9 pour boucher cette bande soit \u00e0 trouver une solution diff\u00e9rente et conserver la singularit\u00e9 de notre principe. J&rsquo;opte pour cette deuxi\u00e8me solution en mettant une pi\u00e8ce en angle ayant une largeur similaire \u00e0 notre carr\u00e9 et je finis par une pi\u00e8ce bleu sombre pour parfaire cette \u00e9tape.<\/p>\n<p><a href=\"https:\/\/ghyslain-clement.fr\/wordpress_fold\/wp-content\/uploads\/2023\/09\/Motif_zellige_1.08d-motif_art-deco_3.jpg\" rel=\"lightbox[603]\"><img loading=\"lazy\" decoding=\"async\" class=\"alignnone size-medium wp-image-606\" alt=\"Motif_zellige_1.08d-motif_art-deco_3\" src=\"https:\/\/ghyslain-clement.fr\/wordpress_fold\/wp-content\/uploads\/2023\/09\/Motif_zellige_1.08d-motif_art-deco_3-300x300.jpg\" width=\"300\" height=\"300\" srcset=\"https:\/\/ghyslain-clement.fr\/wordpress_fold\/wp-content\/uploads\/2023\/09\/Motif_zellige_1.08d-motif_art-deco_3-300x300.jpg 300w, https:\/\/ghyslain-clement.fr\/wordpress_fold\/wp-content\/uploads\/2023\/09\/Motif_zellige_1.08d-motif_art-deco_3-150x150.jpg 150w, https:\/\/ghyslain-clement.fr\/wordpress_fold\/wp-content\/uploads\/2023\/09\/Motif_zellige_1.08d-motif_art-deco_3-624x624.jpg 624w, https:\/\/ghyslain-clement.fr\/wordpress_fold\/wp-content\/uploads\/2023\/09\/Motif_zellige_1.08d-motif_art-deco_3.jpg 750w\" sizes=\"auto, (max-width: 300px) 100vw, 300px\" \/><\/a><\/p>\n<p>Nous sommes \u00e0 une \u00e9tape importante; le motif est joli mais si on l&rsquo;utilisait tel quel sur un sol ou un mur on aurait un motif dont le m\u00e9trage ne ferait qu&rsquo;environ 1,15m sur 1,15m en carrelage de 20 et 10cm de cot\u00e9 et un maximum de 2,30m par 2,30m avec des dalles de 40 cm de c\u00f4t\u00e9. Il faut donc le d\u00e9velopper encore et trouver les raccords corrects sinon on aura perdu tout l&rsquo;int\u00e9r\u00eat de cette base. En analysant le motif, on s&rsquo;aper\u00e7oit qu&rsquo;une ligne est constitu\u00e9e d&rsquo;une alternance de carr\u00e9s parme et de carr\u00e9s bleu de diff\u00e9rentes teintes et cela aussi bien \u00e0 l&rsquo;horizontale qu&rsquo;\u00e0 la verticale. Il faudra donc continuer \u00e0 observer cette r\u00e8gle. Par contre la deuxi\u00e8me ligne est, elle, plus chaotique et je r\u00e9alise que les derni\u00e8res pi\u00e8ces plac\u00e9es emp\u00eachent la bonne continuation de ce motif puisque pour la ligne du centre les prochaines formes devraient \u00eatre un grand carr\u00e9 bleu alors qu&rsquo;on vient juste d&rsquo;en mettre un petit. On aura donc deux carr\u00e9s de m\u00eame couleur c\u00f4te \u00e0 c\u00f4te ce qui ne sera pas acceptable.<\/p>\n<p>Voil\u00e0 la modification est faite et j&rsquo;ai ajout\u00e9 au motif une double ligne tout autour. J&rsquo;ai pu v\u00e9rifier que le motif est p\u00e9riodique et qu&rsquo;on peut donc \u00e9tendre celui-ci pour la r\u00e9alisation par exemple d&rsquo;un sol de cuisine. \u00a0Je viens aussi de m&rsquo;apercevoir que sur mon ordinateur, le motif est plus sombre par l&rsquo;interm\u00e9diaire de WordPress qu&rsquo;avec une vue directe dans aper\u00e7u sur Apple.<\/p>\n<p><a href=\"https:\/\/ghyslain-clement.fr\/wordpress_fold\/wp-content\/uploads\/2023\/09\/Motif_zellige_1.08d-motif_art-deco_4.jpg\" rel=\"lightbox[603]\"><img loading=\"lazy\" decoding=\"async\" class=\"alignnone size-large wp-image-607\" alt=\"Motif_zellige_1.08d-motif_art-deco_4\" src=\"https:\/\/ghyslain-clement.fr\/wordpress_fold\/wp-content\/uploads\/2023\/09\/Motif_zellige_1.08d-motif_art-deco_4-1012x1024.jpg\" width=\"625\" height=\"632\" srcset=\"https:\/\/ghyslain-clement.fr\/wordpress_fold\/wp-content\/uploads\/2023\/09\/Motif_zellige_1.08d-motif_art-deco_4-1012x1024.jpg 1012w, https:\/\/ghyslain-clement.fr\/wordpress_fold\/wp-content\/uploads\/2023\/09\/Motif_zellige_1.08d-motif_art-deco_4-300x303.jpg 300w, https:\/\/ghyslain-clement.fr\/wordpress_fold\/wp-content\/uploads\/2023\/09\/Motif_zellige_1.08d-motif_art-deco_4-624x631.jpg 624w, https:\/\/ghyslain-clement.fr\/wordpress_fold\/wp-content\/uploads\/2023\/09\/Motif_zellige_1.08d-motif_art-deco_4.jpg 1063w\" sizes=\"auto, (max-width: 625px) 100vw, 625px\" \/><\/a><\/p>\n<p>L&rsquo;effet est pas mal. Le d\u00e9calage des formes dans les deux sens cr\u00e9e un l\u00e9ger effet d&rsquo;optique qu&rsquo;on pourrait augmenter en utilisant des carreaux avec un motif de ligne plut\u00f4t qu&rsquo;un carreau avec un \u00e0-plat de couleur.<\/p>\n<p><a href=\"https:\/\/ghyslain-clement.fr\/wordpress_fold\/wp-content\/uploads\/2023\/09\/Plan-de-travail-1-100.jpg\" rel=\"lightbox[603]\"><img loading=\"lazy\" decoding=\"async\" class=\"alignnone size-large wp-image-619\" alt=\"Plan de travail 1-100\" src=\"https:\/\/ghyslain-clement.fr\/wordpress_fold\/wp-content\/uploads\/2023\/09\/Plan-de-travail-1-100-1024x1024.jpg\" width=\"625\" height=\"625\" srcset=\"https:\/\/ghyslain-clement.fr\/wordpress_fold\/wp-content\/uploads\/2023\/09\/Plan-de-travail-1-100-1024x1024.jpg 1024w, https:\/\/ghyslain-clement.fr\/wordpress_fold\/wp-content\/uploads\/2023\/09\/Plan-de-travail-1-100-150x150.jpg 150w, https:\/\/ghyslain-clement.fr\/wordpress_fold\/wp-content\/uploads\/2023\/09\/Plan-de-travail-1-100-300x300.jpg 300w, https:\/\/ghyslain-clement.fr\/wordpress_fold\/wp-content\/uploads\/2023\/09\/Plan-de-travail-1-100-624x624.jpg 624w, https:\/\/ghyslain-clement.fr\/wordpress_fold\/wp-content\/uploads\/2023\/09\/Plan-de-travail-1-100.jpg 1786w\" sizes=\"auto, (max-width: 625px) 100vw, 625px\" \/><\/a><\/p>\n<p>Je termine cet article par un patchwork montrant ce m\u00eame motif en modifiant simplement la largeur du joint entres les formes ceci afin de voir l&rsquo;effet\u00a0de ce joint sur le rendu de la saturation des couleurs. On s&rsquo;aper\u00e7oit aussi de l&rsquo;impact non n\u00e9gligeable de cette op\u00e9ration sur l&rsquo;int\u00e9r\u00eat graphique du motif. Un joint trop gros amoindri ce dernier de le cas pr\u00e9sent.<\/p>\n<p>Ce week-end, je cl\u00f4turerai cette s\u00e9rie par un motif al\u00e9atoire. Je pense modifier la palette pour diversifier les graphiques et pourquoi pas envisager la suggestion d&rsquo;un motif constitu\u00e9 de formes \u00e0 lignes verticales et horizontales.<\/p>\n<p>Bonne soir\u00e9e.<\/p>\n<p>Suite de l&rsquo;article ici :\u00a0<a title=\"Initiation au pavage \u2013 partie 4\" href=\"https:\/\/ghyslain-clement.fr\/?p=622\">Initiation au pavage &#8211; partie\u00a04<\/a><\/p>\n<p>&nbsp;<\/p>\n","protected":false},"excerpt":{"rendered":"<p>Vous vous souvenez dans le premier article de cette s\u00e9rie je vous ai parl\u00e9 de varier les carr\u00e9s pour obtenir un motif d\u00e9structur\u00e9 ou du moins plus artistique par les modifications de tailles et de formes. Ceci est la suite de l&rsquo;article\u00a0Initiation au pavage &#8211; partie\u00a02<\/p>\n","protected":false},"author":1,"featured_media":0,"comment_status":"closed","ping_status":"open","sticky":false,"template":"","format":"standard","meta":{"footnotes":""},"categories":[29,27,33,34],"tags":[],"class_list":["post-603","post","type-post","status-publish","format-standard","hentry","category-javascript","category-mathematiques","category-travaux","category-zelliges"],"_links":{"self":[{"href":"https:\/\/ghyslain-clement.fr\/index.php?rest_route=\/wp\/v2\/posts\/603","targetHints":{"allow":["GET"]}}],"collection":[{"href":"https:\/\/ghyslain-clement.fr\/index.php?rest_route=\/wp\/v2\/posts"}],"about":[{"href":"https:\/\/ghyslain-clement.fr\/index.php?rest_route=\/wp\/v2\/types\/post"}],"author":[{"embeddable":true,"href":"https:\/\/ghyslain-clement.fr\/index.php?rest_route=\/wp\/v2\/users\/1"}],"replies":[{"embeddable":true,"href":"https:\/\/ghyslain-clement.fr\/index.php?rest_route=%2Fwp%2Fv2%2Fcomments&post=603"}],"version-history":[{"count":14,"href":"https:\/\/ghyslain-clement.fr\/index.php?rest_route=\/wp\/v2\/posts\/603\/revisions"}],"predecessor-version":[{"id":655,"href":"https:\/\/ghyslain-clement.fr\/index.php?rest_route=\/wp\/v2\/posts\/603\/revisions\/655"}],"wp:attachment":[{"href":"https:\/\/ghyslain-clement.fr\/index.php?rest_route=%2Fwp%2Fv2%2Fmedia&parent=603"}],"wp:term":[{"taxonomy":"category","embeddable":true,"href":"https:\/\/ghyslain-clement.fr\/index.php?rest_route=%2Fwp%2Fv2%2Fcategories&post=603"},{"taxonomy":"post_tag","embeddable":true,"href":"https:\/\/ghyslain-clement.fr\/index.php?rest_route=%2Fwp%2Fv2%2Ftags&post=603"}],"curies":[{"name":"wp","href":"https:\/\/api.w.org\/{rel}","templated":true}]}}